{"id":3549,"date":"2025-08-04T19:50:06","date_gmt":"2025-08-04T17:50:06","guid":{"rendered":"https:\/\/www.hotel-sommer.at\/felix\/?p=3549"},"modified":"2025-08-04T19:50:38","modified_gmt":"2025-08-04T17:50:38","slug":"06-08-2025-mittwochnacht-mit-belle_fin","status":"publish","type":"post","link":"https:\/\/www.hotel-sommer.at\/felix\/2025\/08\/04\/06-08-2025-mittwochnacht-mit-belle_fin\/","title":{"rendered":"06.08.2025 &#8211; Mittwochnacht mit Belle_Fin"},"content":{"rendered":"<div class=\"xdj266r x14z9mp xat24cr x1lziwak x1vvkbs\">Musik: Belle Fin beehrt uns im Rahmen ihrer &#8222;Gustl-Sommertour&#8220;.<br class=\"html-br\" \/>Belle Fin ist eine Wiener Band, die einen genre\u00fcbergreifenden Musikstil pflegt, der Elemente von Jazz, Latin, Chanson und Wiener Lied vereint. Belle Fin ist bekannt f\u00fcr ihre lebendigen Konzerte, die sowohl in gro\u00dfen S\u00e4len als auch in kleineren Rahmen stattfinden und eine famili\u00e4re Atmosph\u00e4re erzeugen.<br class=\"html-br\" \/><a class=\"x1i10hfl xjbqb8w x1ejq31n x18oe1m7 x1sy0etr xstzfhl x972fbf x10w94by x1qhh985 x14e42zd x9f619 x1ypdohk xt0psk2 xe8uvvx xdj266r x14z9mp xat24cr x1lziwak xexx8yu xyri2b x18d9i69 x1c1uobl x16tdsg8 x1hl2dhg xggy1nq x1a2a7pz xkrqix3 x1sur9pj x1fey0fg x1s688f\" tabindex=\"0\" role=\"link\" href=\"https:\/\/bellefin.at\/?fbclid=IwZXh0bgNhZW0CMTAAYnJpZBEwM3p6bFJ0c2RQRjN3M0taaAEekRKQMvT88dTRyaxkqDsSSBM_bQ4G1PQ2At8QT-l8GbMX25M0Rzw46faI_2Q_aem__0jIc_MrHvk9fgnuZA72sA\" target=\"_blank\" rel=\"nofollow noopener noreferrer\">https:\/\/bellefin.at\/<\/a><\/div>\n<div class=\"x14z9mp xat24cr x1lziwak x1vvkbs xtlvy1s\">Mittwochnacht:<br class=\"html-br\" \/>Arancino gef\u00fcllt mit Rohschinken und Gorgonzola auf cremiger Salatgurke und Sakurakresse<\/div>\n<div class=\"x14z9mp xat24cr x1lziwak x1vvkbs xtlvy1s\"><\/div>\n<div class=\"x14z9mp xat24cr x1lziwak x1vvkbs xtlvy1s\"><\/div>\n<div class=\"x14z9mp xat24cr x1lziwak x1vvkbs xtlvy1s\">Eintritt &#8211; Frei<\/div>\n<div class=\"x14z9mp xat24cr x1lziwak x1vvkbs xtlvy1s\"><\/div>\n<div class=\"x14z9mp xat24cr x1lziwak x1vvkbs xtlvy1s\">Um zahlreiches Erscheinen wird gebeten<\/div>\n","protected":false},"excerpt":{"rendered":"<p>Musik: Belle Fin beehrt uns im Rahmen ihrer &#8222;Gustl-Sommertour&#8220;.Belle Fin ist eine Wiener Band, die einen genre\u00fcbergreifenden Musikstil pflegt, der Elemente von Jazz, Latin, Chanson und Wiener Lied vereint. Belle Fin ist bekannt f\u00fcr ihre lebendigen Konzerte, die sowohl in gro\u00dfen S\u00e4len als auch in kleineren Rahmen stattfinden und eine famili\u00e4re Atmosph\u00e4re erzeugen.https:\/\/bellefin.at\/ Mittwochnacht:Arancino gef\u00fcllt<br \/><a href=\"https:\/\/www.hotel-sommer.at\/felix\/2025\/08\/04\/06-08-2025-mittwochnacht-mit-belle_fin\/\" class=\"more\">Read more<\/a><\/p>\n","protected":false},"author":2,"featured_media":3550,"comment_status":"closed","ping_status":"closed","sticky":false,"template":"","format":"standard","meta":[],"categories":[1],"tags":[],"_links":{"self":[{"href":"https:\/\/www.hotel-sommer.at\/felix\/wp-json\/wp\/v2\/posts\/3549"}],"collection":[{"href":"https:\/\/www.hotel-sommer.at\/felix\/wp-json\/wp\/v2\/posts"}],"about":[{"href":"https:\/\/www.hotel-sommer.at\/felix\/wp-json\/wp\/v2\/types\/post"}],"author":[{"embeddable":true,"href":"https:\/\/www.hotel-sommer.at\/felix\/wp-json\/wp\/v2\/users\/2"}],"replies":[{"embeddable":true,"href":"https:\/\/www.hotel-sommer.at\/felix\/wp-json\/wp\/v2\/comments?post=3549"}],"version-history":[{"count":1,"href":"https:\/\/www.hotel-sommer.at\/felix\/wp-json\/wp\/v2\/posts\/3549\/revisions"}],"predecessor-version":[{"id":3552,"href":"https:\/\/www.hotel-sommer.at\/felix\/wp-json\/wp\/v2\/posts\/3549\/revisions\/3552"}],"wp:featuredmedia":[{"embeddable":true,"href":"https:\/\/www.hotel-sommer.at\/felix\/wp-json\/wp\/v2\/media\/3550"}],"wp:attachment":[{"href":"https:\/\/www.hotel-sommer.at\/felix\/wp-json\/wp\/v2\/media?parent=3549"}],"wp:term":[{"taxonomy":"category","embeddable":true,"href":"https:\/\/www.hotel-sommer.at\/felix\/wp-json\/wp\/v2\/categories?post=3549"},{"taxonomy":"post_tag","embeddable":true,"href":"https:\/\/www.hotel-sommer.at\/felix\/wp-json\/wp\/v2\/tags?post=3549"}],"curies":[{"name":"wp","href":"https:\/\/api.w.org\/{rel}","templated":true}]}}